{"id":4223,"date":"2025-02-20T14:52:32","date_gmt":"2025-02-20T14:52:32","guid":{"rendered":"https:\/\/menuez.tech\/kompass-2025\/"},"modified":"2025-06-27T13:27:46","modified_gmt":"2025-06-27T13:27:46","slug":"kompass-2025","status":"publish","type":"post","link":"https:\/\/menuez.tech\/de\/kompass-2025\/","title":{"rendered":"Compass 2025"},"content":{"rendered":"\n<p>DEMO Compass Group Belgien  <\/p>\n\n<p>Auf die Pl\u00e4tze, fertig, los! \ud83c\udfc1 Nach Monaten intensiver Arbeit an unserer personalisierten Markenmanagement-Plattform ist die @Compass Group Belgium bereit f\u00fcr das Jahr 2025. Bei zwei Kick-off-Sitzungen - eine auf Franz\u00f6sisch \ud83c\uddeb\ud83c\uddf7 und eine auf Niederl\u00e4ndisch \ud83c\uddf3\ud83c\uddf1 - wurden mehr als vierzig K\u00f6che und Regionalmanager mit den M\u00f6glichkeiten vertraut gemacht. Von einem einfachen &#8222;Food&#8220;-Poster bis hin zu einem vollst\u00e4ndig anpassbaren lokalen Wochenmen\u00fc \ud83c\udf7d\ufe0f: alles ist m\u00f6glich!     <\/p>\n\n<p>Dank dieses digitalen Schrittes entlastet die Compass Group Belgium ihre Standorte und der Stil des Hauses bleibt gewahrt. Das Ergebnis? Einheitlichkeit, Flexibilit\u00e4t und ein reibungsloser Arbeitsablauf bei der Erstellung und Bestellung von (personalisiertem) Werbematerial. So kann die Zentrale ganz einfach einen \u00dcberblick und eine Kontrolle \u00fcber die gesamte t\u00e4gliche und w\u00f6chentliche Kommunikation schaffen.     <\/p>\n\n<p>Ein sch\u00f6ner Schritt zu noch mehr Effizienz, Flexibilit\u00e4t, Nachhaltigkeit und Kundenzufriedenheit.  <\/p>\n","protected":false},"excerpt":{"rendered":"<p>DEMO Compass Group Belgien Auf die Pl\u00e4tze, fertig, los! \ud83c\udfc1 Nach Monaten intensiver Arbeit an unserer personalisierten Markenmanagement-Plattform ist die @Compass Group Belgium bereit f\u00fcr das Jahr 2025. Bei zwei Kick-off-Sitzungen - eine auf Franz\u00f6sisch \ud83c\uddeb\ud83c\uddf7 und eine auf Niederl\u00e4ndisch \ud83c\uddf3\ud83c\uddf1 - wurden mehr als vierzig K\u00f6che und Regionalmanager mit den M\u00f6glichkeiten vertraut gemacht. Von [&hellip;]<\/p>\n","protected":false},"author":2,"featured_media":4224,"comment_status":"open","ping_status":"open","sticky":false,"template":"","format":"standard","meta":{"footnotes":""},"categories":[27],"tags":[],"class_list":["post-4223","post","type-post","status-publish","format-standard","has-post-thumbnail","hentry","category-nicht-kategorisiert"],"_links":{"self":[{"href":"https:\/\/menuez.tech\/de\/wp-json\/wp\/v2\/posts\/4223","targetHints":{"allow":["GET"]}}],"collection":[{"href":"https:\/\/menuez.tech\/de\/wp-json\/wp\/v2\/posts"}],"about":[{"href":"https:\/\/menuez.tech\/de\/wp-json\/wp\/v2\/types\/post"}],"author":[{"embeddable":true,"href":"https:\/\/menuez.tech\/de\/wp-json\/wp\/v2\/users\/2"}],"replies":[{"embeddable":true,"href":"https:\/\/menuez.tech\/de\/wp-json\/wp\/v2\/comments?post=4223"}],"version-history":[{"count":4,"href":"https:\/\/menuez.tech\/de\/wp-json\/wp\/v2\/posts\/4223\/revisions"}],"predecessor-version":[{"id":4976,"href":"https:\/\/menuez.tech\/de\/wp-json\/wp\/v2\/posts\/4223\/revisions\/4976"}],"wp:featuredmedia":[{"embeddable":true,"href":"https:\/\/menuez.tech\/de\/wp-json\/wp\/v2\/media\/4224"}],"wp:attachment":[{"href":"https:\/\/menuez.tech\/de\/wp-json\/wp\/v2\/media?parent=4223"}],"wp:term":[{"taxonomy":"category","embeddable":true,"href":"https:\/\/menuez.tech\/de\/wp-json\/wp\/v2\/categories?post=4223"},{"taxonomy":"post_tag","embeddable":true,"href":"https:\/\/menuez.tech\/de\/wp-json\/wp\/v2\/tags?post=4223"}],"curies":[{"name":"wp","href":"https:\/\/api.w.org\/{rel}","templated":true}]}}